{"id":717,"date":"2016-12-08T12:10:10","date_gmt":"2016-12-08T12:10:10","guid":{"rendered":"https:\/\/cnssbf.org\/?p=717"},"modified":"2023-09-14T12:38:12","modified_gmt":"2023-09-14T12:38:12","slug":"2eme-forum-africain-pour-la-securite-routiere-la-cnss-anime-un-stand-et-presente-une-communication","status":"publish","type":"post","link":"http:\/\/cnssbf.org\/?p=717","title":{"rendered":"2\u00e8me Forum Africain pour la S\u00e9curit\u00e9 Routi\u00e8re : La CNSS anime un stand et pr\u00e9sente une communication"},"content":{"rendered":"\t\t<div data-elementor-type=\"wp-post\" data-elementor-id=\"717\" class=\"elementor elementor-717\" data-elementor-post-type=\"post\">\n\t\t\t\t\t\t\t\t\t<section data-exad-particle-enable=\"false\" class=\"elementor-section elementor-top-section elementor-element elementor-element-51f460d elementor-section-boxed elementor-section-height-default elementor-section-height-default exad-parallax-effect-no exad-background-color-change-no exad-glass-effect-no exad-sticky-section-no\" data-id=\"51f460d\" data-element_type=\"section\">\n\t\t\t\t\t\t<div class=\"elementor-container elementor-column-gap-default\">\n\t\t\t\t\t<div class=\"aux-parallax-section elementor-column elementor-col-100 elementor-top-column elementor-element elementor-element-b41e5c exad-glass-effect-no exad-sticky-section-no\" data-id=\"b41e5c\" data-element_type=\"column\">\n\t\t\t<div class=\"elementor-widget-wrap elementor-element-populated\">\n\t\t\t\t\t\t\t\t<div class=\"elementor-element elementor-element-346779b1 exad-sticky-section-no exad-glass-effect-no elementor-widget elementor-widget-text-editor\" data-id=\"346779b1\" data-element_type=\"widget\" data-widget_type=\"text-editor.default\">\n\t\t\t\t<div class=\"elementor-widget-container\">\n\t\t\t\t\t\t\t<p><!-- wp:paragraph --><\/p>\n<p><strong>Pour la deuxi\u00e8me fois cons\u00e9cutive, Initiative Conseil International (Ici-sant\u00e9) a organis\u00e9, du 15 au 18 octobre 2016 \u00e0 Ouagadougou, le Forum Africain pour la S\u00e9curit\u00e9 Routi\u00e8re (FASeR). La CNSS en \u00e9tait partenaire du fait que l\u2019accident de trajet est pris en compte par la branche \u00ab\u00a0Accident du Travail et Maladies Professionnelles (AT\/MP).\u00a0\u00bb<\/strong><\/p>\n<p><!-- \/wp:paragraph --><\/p>\n<p><!-- wp:paragraph --><\/p>\n<p>\u00a0L\u2019Afrique connait la plus forte incidence de d\u00e9c\u00e8s li\u00e9s aux accidents de la route. Au Burkina Faso, selon l\u2019OMS, en 2013, le taux de mortalit\u00e9 \u00e9tait sup\u00e9rieur \u00e0 la moyenne en Afrique avec 5072 morts par an, soit 13 personnes par jour. En la mati\u00e8re, la CNSS a enregistr\u00e9 en 2014, 610 cas d\u2019accidents de trajet sur 1959 cas d\u2019accidents du travail et de maladies professionnelles d\u00e9clar\u00e9s, soit un taux de 31,14%.<br \/>Au regard de tous ces constats alarmants, le cadre d\u2019action d\u00e9nomm\u00e9 \u00ab\u00a0<b>Forum Africain pour la S\u00e9curit\u00e9 Routi\u00e8re (FASeR)<\/b>\u00a0\u00bb a offert une opportunit\u00e9 \u00e0 la CNSS et aux autres structures intervenant dans le domaine des accidents de la circulation pour mener des actions de sensibilisation. Cette activit\u00e9 \u00e0 caract\u00e8re international vise \u00e0 favoriser le partage d\u2019exp\u00e9riences et \u00e0 faire \u00e9merger des r\u00e9ponses adapt\u00e9es aux d\u00e9fis des accidents de la route.<\/p>\n<p><!-- \/wp:paragraph --><\/p>\n<p><!-- wp:paragraph --><\/p>\n<p>Le 2\u00e8me FASeR a r\u00e9uni pr\u00e8s de 250 participants. Pour cette \u00e9dition, la CNSS a anim\u00e9 un stand d\u2019informations sur ses prestations \u00e0 la place de la nation les 15 et 16 octobre. Un accent particulier a \u00e9t\u00e9 mis sur la branche AT\/MP.<\/p>\n<p><!-- \/wp:paragraph --><\/p>\n<p><!-- wp:paragraph --><\/p>\n<p>Au-del\u00e0 de l\u2019animation des stands, une session des tables rondes a \u00e9t\u00e9 organis\u00e9 les 17 et 18 octobre \u00e0 la salle de conf\u00e9rences de Ouaga 2000 sur divers th\u00e8mes donnant ainsi l\u2019occasion \u00e0 la CNSS de communiquer.<\/p>\n<p><!-- \/wp:paragraph --><\/p>\n<p><!-- wp:paragraph --><\/p>\n<p>Ainsi, Fran\u00e7ois d\u2019Assise Sawadogo, Chef du service pr\u00e9vention des risques professionnels, repr\u00e9sentant le directeur de la pr\u00e9vention a pr\u00e9sent\u00e9 une communication sur les activit\u00e9s de pr\u00e9vention qu\u2019effectue r\u00e9guli\u00e8rement la CNSS notamment les appuis conseils lors des visites d\u2019entreprise et la sensibilisation \u00e0 travers les affiches, les films etc. Ce dernier s\u2019est aussi appesanti sur le taux moyen de cas enregistr\u00e9s, les d\u00e9penses engag\u00e9es pour les r\u00e9parations et les conditions de prise en charge en cas d\u2019accidents du travail. Le ministre des transports et bien d\u2019autres personnalit\u00e9s qui ont visit\u00e9 les stands et suivi les communications, ont positivement appr\u00e9ci\u00e9 la contribution de la CNSS.<\/p>\n<p><!-- \/wp:paragraph --><\/p>\t\t\t\t\t\t<\/div>\n\t\t\t\t<\/div>\n\t\t\t\t\t<\/div>\n\t\t<\/div>\n\t\t\t\t\t\t\t<\/div>\n\t\t<\/section>\n\t\t\t\t<section data-exad-particle-enable=\"false\" class=\"elementor-section elementor-top-section elementor-element elementor-element-3a8cfa4 elementor-section-boxed elementor-section-height-default elementor-section-height-default exad-parallax-effect-no exad-background-color-change-no exad-glass-effect-no exad-sticky-section-no\" data-id=\"3a8cfa4\" data-element_type=\"section\">\n\t\t\t\t\t\t<div class=\"elementor-container elementor-column-gap-default\">\n\t\t\t\t\t<div class=\"aux-parallax-section elementor-column elementor-col-50 elementor-top-column elementor-element elementor-element-29aa2b4 exad-glass-effect-no exad-sticky-section-no\" data-id=\"29aa2b4\" data-element_type=\"column\">\n\t\t\t<div class=\"elementor-widget-wrap elementor-element-populated\">\n\t\t\t\t\t\t\t\t<div class=\"elementor-element elementor-element-37e10eb exad-sticky-section-no exad-glass-effect-no elementor-widget elementor-widget-image\" data-id=\"37e10eb\" data-element_type=\"widget\" data-widget_type=\"image.default\">\n\t\t\t\t<div class=\"elementor-widget-container\">\n\t\t\t\t\t\t\t\t\t\t\t\t\t\t\t<img fetchpriority=\"high\" decoding=\"async\" width=\"340\" height=\"232\" src=\"http:\/\/cnssbf.org\/wp-content\/uploads\/2022\/11\/fr.jpg\" class=\"attachment-large size-large wp-image-1036\" alt=\"\" srcset=\"http:\/\/cnssbf.org\/wp-content\/uploads\/2022\/11\/fr.jpg 340w, http:\/\/cnssbf.org\/wp-content\/uploads\/2022\/11\/fr-200x136.jpg 200w\" sizes=\"(max-width: 340px) 100vw, 340px\" \/>\t\t\t\t\t\t\t\t\t\t\t\t\t\t\t<\/div>\n\t\t\t\t<\/div>\n\t\t\t\t\t<\/div>\n\t\t<\/div>\n\t\t\t\t<div class=\"aux-parallax-section elementor-column elementor-col-50 elementor-top-column elementor-element elementor-element-b976996 exad-glass-effect-no exad-sticky-section-no\" data-id=\"b976996\" data-element_type=\"column\">\n\t\t\t<div class=\"elementor-widget-wrap elementor-element-populated\">\n\t\t\t\t\t\t\t\t<div class=\"elementor-element elementor-element-611d8fa exad-sticky-section-no exad-glass-effect-no elementor-widget elementor-widget-image\" data-id=\"611d8fa\" data-element_type=\"widget\" data-widget_type=\"image.default\">\n\t\t\t\t<div class=\"elementor-widget-container\">\n\t\t\t\t\t\t\t\t\t\t\t\t\t\t\t<img decoding=\"async\" width=\"340\" height=\"223\" src=\"http:\/\/cnssbf.org\/wp-content\/uploads\/2022\/11\/fr1.jpg\" class=\"attachment-large size-large wp-image-1037\" alt=\"\" srcset=\"http:\/\/cnssbf.org\/wp-content\/uploads\/2022\/11\/fr1.jpg 340w, http:\/\/cnssbf.org\/wp-content\/uploads\/2022\/11\/fr1-200x131.jpg 200w\" sizes=\"(max-width: 340px) 100vw, 340px\" \/>\t\t\t\t\t\t\t\t\t\t\t\t\t\t\t<\/div>\n\t\t\t\t<\/div>\n\t\t\t\t\t<\/div>\n\t\t<\/div>\n\t\t\t\t\t\t\t<\/div>\n\t\t<\/section>\n\t\t\t\t\t\t\t<\/div>\n\t\t<div style=\"margin-top: 0px; margin-bottom: 0px;\" class=\"sharethis-inline-share-buttons\" ><\/div>","protected":false},"excerpt":{"rendered":"<p>Pour la deuxi\u00e8me fois cons\u00e9cutive, Initiative Conseil International (Ici-sant\u00e9) a organis\u00e9, du 15 au 18 octobre 2016 \u00e0 Ouagadougou, le Forum Africain pour la S\u00e9curit\u00e9 Routi\u00e8re (FASeR). La CNSS en \u00e9tait partenaire du fait que l\u2019accident de trajet est pris en compte par la branche \u00ab\u00a0Accident du Travail et Maladies Professionnelles (AT\/MP).\u00a0\u00bb \u00a0L\u2019Afrique connait la [&hellip;]<\/p>\n","protected":false},"author":2,"featured_media":877,"comment_status":"closed","ping_status":"closed","sticky":false,"template":"","format":"standard","meta":{"pgc_meta":"","footnotes":""},"categories":[31],"tags":[],"yoast_head":"<!-- This site is optimized with the Yoast SEO plugin v21.9.1 - https:\/\/yoast.com\/wordpress\/plugins\/seo\/ -->\n<title>2\u00e8me Forum Africain pour la S\u00e9curit\u00e9 Routi\u00e8re : La CNSS anime un stand et pr\u00e9sente une communication - CNSS BF<\/title>\n<meta name=\"robots\" content=\"index, follow, max-snippet:-1, max-image-preview:large, max-video-preview:-1\" \/>\n<link rel=\"canonical\" href=\"https:\/\/cnssbf.org\/?p=717\" \/>\n<meta property=\"og:locale\" content=\"fr_FR\" \/>\n<meta property=\"og:type\" content=\"article\" \/>\n<meta property=\"og:title\" content=\"2\u00e8me Forum Africain pour la S\u00e9curit\u00e9 Routi\u00e8re : La CNSS anime un stand et pr\u00e9sente une communication - CNSS BF\" \/>\n<meta property=\"og:description\" content=\"Pour la deuxi\u00e8me fois cons\u00e9cutive, Initiative Conseil International (Ici-sant\u00e9) a organis\u00e9, du 15 au 18 octobre 2016 \u00e0 Ouagadougou, le Forum Africain pour la S\u00e9curit\u00e9 Routi\u00e8re (FASeR). La CNSS en \u00e9tait partenaire du fait que l\u2019accident de trajet est pris en compte par la branche \u00ab\u00a0Accident du Travail et Maladies Professionnelles (AT\/MP).\u00a0\u00bb \u00a0L\u2019Afrique connait la [&hellip;]\" \/>\n<meta property=\"og:url\" content=\"https:\/\/cnssbf.org\/?p=717\" \/>\n<meta property=\"og:site_name\" content=\"CNSS BF\" \/>\n<meta property=\"article:published_time\" content=\"2016-12-08T12:10:10+00:00\" \/>\n<meta property=\"article:modified_time\" content=\"2023-09-14T12:38:12+00:00\" \/>\n<meta property=\"og:image\" content=\"https:\/\/cnssbf.org\/wp-content\/uploads\/2022\/11\/arton118.jpg\" \/>\n\t<meta property=\"og:image:width\" content=\"2284\" \/>\n\t<meta property=\"og:image:height\" content=\"2284\" \/>\n\t<meta property=\"og:image:type\" content=\"image\/jpeg\" \/>\n<meta name=\"author\" content=\"admin1\" \/>\n<meta name=\"twitter:card\" content=\"summary_large_image\" \/>\n<meta name=\"twitter:label1\" content=\"\u00c9crit par\" \/>\n\t<meta name=\"twitter:data1\" content=\"admin1\" \/>\n\t<meta name=\"twitter:label2\" content=\"Dur\u00e9e de lecture estim\u00e9e\" \/>\n\t<meta name=\"twitter:data2\" content=\"2 minutes\" \/>\n<script type=\"application\/ld+json\" class=\"yoast-schema-graph\">{\"@context\":\"https:\/\/schema.org\",\"@graph\":[{\"@type\":\"Article\",\"@id\":\"https:\/\/cnssbf.org\/?p=717#article\",\"isPartOf\":{\"@id\":\"https:\/\/cnssbf.org\/?p=717\"},\"author\":{\"name\":\"admin1\",\"@id\":\"https:\/\/cnssbf.org\/#\/schema\/person\/0c1eb8c14a12dcf29a79166c4029b20f\"},\"headline\":\"2\u00e8me Forum Africain pour la S\u00e9curit\u00e9 Routi\u00e8re : La CNSS anime un stand et pr\u00e9sente une communication\",\"datePublished\":\"2016-12-08T12:10:10+00:00\",\"dateModified\":\"2023-09-14T12:38:12+00:00\",\"mainEntityOfPage\":{\"@id\":\"https:\/\/cnssbf.org\/?p=717\"},\"wordCount\":425,\"publisher\":{\"@id\":\"https:\/\/cnssbf.org\/#organization\"},\"articleSection\":[\"Actualit\u00e9s\"],\"inLanguage\":\"fr-FR\"},{\"@type\":\"WebPage\",\"@id\":\"https:\/\/cnssbf.org\/?p=717\",\"url\":\"https:\/\/cnssbf.org\/?p=717\",\"name\":\"2\u00e8me Forum Africain pour la S\u00e9curit\u00e9 Routi\u00e8re : La CNSS anime un stand et pr\u00e9sente une communication - CNSS BF\",\"isPartOf\":{\"@id\":\"https:\/\/cnssbf.org\/#website\"},\"datePublished\":\"2016-12-08T12:10:10+00:00\",\"dateModified\":\"2023-09-14T12:38:12+00:00\",\"breadcrumb\":{\"@id\":\"https:\/\/cnssbf.org\/?p=717#breadcrumb\"},\"inLanguage\":\"fr-FR\",\"potentialAction\":[{\"@type\":\"ReadAction\",\"target\":[\"https:\/\/cnssbf.org\/?p=717\"]}]},{\"@type\":\"BreadcrumbList\",\"@id\":\"https:\/\/cnssbf.org\/?p=717#breadcrumb\",\"itemListElement\":[{\"@type\":\"ListItem\",\"position\":1,\"name\":\"Accueil\",\"item\":\"https:\/\/cnssbf.org\/\"},{\"@type\":\"ListItem\",\"position\":2,\"name\":\"2\u00e8me Forum Africain pour la S\u00e9curit\u00e9 Routi\u00e8re : La CNSS anime un stand et pr\u00e9sente une communication\"}]},{\"@type\":\"WebSite\",\"@id\":\"https:\/\/cnssbf.org\/#website\",\"url\":\"https:\/\/cnssbf.org\/\",\"name\":\"CNSS BF\",\"description\":\"Les vertus de la solidarit\u00e9\",\"publisher\":{\"@id\":\"https:\/\/cnssbf.org\/#organization\"},\"potentialAction\":[{\"@type\":\"SearchAction\",\"target\":{\"@type\":\"EntryPoint\",\"urlTemplate\":\"https:\/\/cnssbf.org\/?s={search_term_string}\"},\"query-input\":\"required name=search_term_string\"}],\"inLanguage\":\"fr-FR\"},{\"@type\":\"Organization\",\"@id\":\"https:\/\/cnssbf.org\/#organization\",\"name\":\"CNSS BF\",\"url\":\"https:\/\/cnssbf.org\/\",\"logo\":{\"@type\":\"ImageObject\",\"inLanguage\":\"fr-FR\",\"@id\":\"https:\/\/cnssbf.org\/#\/schema\/logo\/image\/\",\"url\":\"http:\/\/cnssbf.org\/wp-content\/uploads\/2023\/12\/cropped-cropped-Logo-CNSS_new_SAP-1.png\",\"contentUrl\":\"http:\/\/cnssbf.org\/wp-content\/uploads\/2023\/12\/cropped-cropped-Logo-CNSS_new_SAP-1.png\",\"width\":461,\"height\":143,\"caption\":\"CNSS BF\"},\"image\":{\"@id\":\"https:\/\/cnssbf.org\/#\/schema\/logo\/image\/\"}},{\"@type\":\"Person\",\"@id\":\"https:\/\/cnssbf.org\/#\/schema\/person\/0c1eb8c14a12dcf29a79166c4029b20f\",\"name\":\"admin1\",\"image\":{\"@type\":\"ImageObject\",\"inLanguage\":\"fr-FR\",\"@id\":\"https:\/\/cnssbf.org\/#\/schema\/person\/image\/\",\"url\":\"http:\/\/cnssbf.org\/wp-content\/litespeed\/avatar\/a9a6d69d6fdaf26b134b611680cc4b0a.jpg?ver=1776917662\",\"contentUrl\":\"http:\/\/cnssbf.org\/wp-content\/litespeed\/avatar\/a9a6d69d6fdaf26b134b611680cc4b0a.jpg?ver=1776917662\",\"caption\":\"admin1\"},\"url\":\"http:\/\/cnssbf.org\/?author=2\"}]}<\/script>\n<!-- \/ Yoast SEO plugin. -->","yoast_head_json":{"title":"2\u00e8me Forum Africain pour la S\u00e9curit\u00e9 Routi\u00e8re : La CNSS anime un stand et pr\u00e9sente une communication - CNSS BF","robots":{"index":"index","follow":"follow","max-snippet":"max-snippet:-1","max-image-preview":"max-image-preview:large","max-video-preview":"max-video-preview:-1"},"canonical":"https:\/\/cnssbf.org\/?p=717","og_locale":"fr_FR","og_type":"article","og_title":"2\u00e8me Forum Africain pour la S\u00e9curit\u00e9 Routi\u00e8re : La CNSS anime un stand et pr\u00e9sente une communication - CNSS BF","og_description":"Pour la deuxi\u00e8me fois cons\u00e9cutive, Initiative Conseil International (Ici-sant\u00e9) a organis\u00e9, du 15 au 18 octobre 2016 \u00e0 Ouagadougou, le Forum Africain pour la S\u00e9curit\u00e9 Routi\u00e8re (FASeR). La CNSS en \u00e9tait partenaire du fait que l\u2019accident de trajet est pris en compte par la branche \u00ab\u00a0Accident du Travail et Maladies Professionnelles (AT\/MP).\u00a0\u00bb \u00a0L\u2019Afrique connait la [&hellip;]","og_url":"https:\/\/cnssbf.org\/?p=717","og_site_name":"CNSS BF","article_published_time":"2016-12-08T12:10:10+00:00","article_modified_time":"2023-09-14T12:38:12+00:00","og_image":[{"width":2284,"height":2284,"url":"https:\/\/cnssbf.org\/wp-content\/uploads\/2022\/11\/arton118.jpg","type":"image\/jpeg"}],"author":"admin1","twitter_card":"summary_large_image","twitter_misc":{"\u00c9crit par":"admin1","Dur\u00e9e de lecture estim\u00e9e":"2 minutes"},"schema":{"@context":"https:\/\/schema.org","@graph":[{"@type":"Article","@id":"https:\/\/cnssbf.org\/?p=717#article","isPartOf":{"@id":"https:\/\/cnssbf.org\/?p=717"},"author":{"name":"admin1","@id":"https:\/\/cnssbf.org\/#\/schema\/person\/0c1eb8c14a12dcf29a79166c4029b20f"},"headline":"2\u00e8me Forum Africain pour la S\u00e9curit\u00e9 Routi\u00e8re : La CNSS anime un stand et pr\u00e9sente une communication","datePublished":"2016-12-08T12:10:10+00:00","dateModified":"2023-09-14T12:38:12+00:00","mainEntityOfPage":{"@id":"https:\/\/cnssbf.org\/?p=717"},"wordCount":425,"publisher":{"@id":"https:\/\/cnssbf.org\/#organization"},"articleSection":["Actualit\u00e9s"],"inLanguage":"fr-FR"},{"@type":"WebPage","@id":"https:\/\/cnssbf.org\/?p=717","url":"https:\/\/cnssbf.org\/?p=717","name":"2\u00e8me Forum Africain pour la S\u00e9curit\u00e9 Routi\u00e8re : La CNSS anime un stand et pr\u00e9sente une communication - CNSS BF","isPartOf":{"@id":"https:\/\/cnssbf.org\/#website"},"datePublished":"2016-12-08T12:10:10+00:00","dateModified":"2023-09-14T12:38:12+00:00","breadcrumb":{"@id":"https:\/\/cnssbf.org\/?p=717#breadcrumb"},"inLanguage":"fr-FR","potentialAction":[{"@type":"ReadAction","target":["https:\/\/cnssbf.org\/?p=717"]}]},{"@type":"BreadcrumbList","@id":"https:\/\/cnssbf.org\/?p=717#breadcrumb","itemListElement":[{"@type":"ListItem","position":1,"name":"Accueil","item":"https:\/\/cnssbf.org\/"},{"@type":"ListItem","position":2,"name":"2\u00e8me Forum Africain pour la S\u00e9curit\u00e9 Routi\u00e8re : La CNSS anime un stand et pr\u00e9sente une communication"}]},{"@type":"WebSite","@id":"https:\/\/cnssbf.org\/#website","url":"https:\/\/cnssbf.org\/","name":"CNSS BF","description":"Les vertus de la solidarit\u00e9","publisher":{"@id":"https:\/\/cnssbf.org\/#organization"},"potentialAction":[{"@type":"SearchAction","target":{"@type":"EntryPoint","urlTemplate":"https:\/\/cnssbf.org\/?s={search_term_string}"},"query-input":"required name=search_term_string"}],"inLanguage":"fr-FR"},{"@type":"Organization","@id":"https:\/\/cnssbf.org\/#organization","name":"CNSS BF","url":"https:\/\/cnssbf.org\/","logo":{"@type":"ImageObject","inLanguage":"fr-FR","@id":"https:\/\/cnssbf.org\/#\/schema\/logo\/image\/","url":"http:\/\/cnssbf.org\/wp-content\/uploads\/2023\/12\/cropped-cropped-Logo-CNSS_new_SAP-1.png","contentUrl":"http:\/\/cnssbf.org\/wp-content\/uploads\/2023\/12\/cropped-cropped-Logo-CNSS_new_SAP-1.png","width":461,"height":143,"caption":"CNSS BF"},"image":{"@id":"https:\/\/cnssbf.org\/#\/schema\/logo\/image\/"}},{"@type":"Person","@id":"https:\/\/cnssbf.org\/#\/schema\/person\/0c1eb8c14a12dcf29a79166c4029b20f","name":"admin1","image":{"@type":"ImageObject","inLanguage":"fr-FR","@id":"https:\/\/cnssbf.org\/#\/schema\/person\/image\/","url":"http:\/\/cnssbf.org\/wp-content\/litespeed\/avatar\/a9a6d69d6fdaf26b134b611680cc4b0a.jpg?ver=1776917662","contentUrl":"http:\/\/cnssbf.org\/wp-content\/litespeed\/avatar\/a9a6d69d6fdaf26b134b611680cc4b0a.jpg?ver=1776917662","caption":"admin1"},"url":"http:\/\/cnssbf.org\/?author=2"}]}},"jetpack_featured_media_url":"http:\/\/cnssbf.org\/wp-content\/uploads\/2022\/11\/arton118.jpg","_links":{"self":[{"href":"http:\/\/cnssbf.org\/index.php?rest_route=\/wp\/v2\/posts\/717"}],"collection":[{"href":"http:\/\/cnssbf.org\/index.php?rest_route=\/wp\/v2\/posts"}],"about":[{"href":"http:\/\/cnssbf.org\/index.php?rest_route=\/wp\/v2\/types\/post"}],"author":[{"embeddable":true,"href":"http:\/\/cnssbf.org\/index.php?rest_route=\/wp\/v2\/users\/2"}],"replies":[{"embeddable":true,"href":"http:\/\/cnssbf.org\/index.php?rest_route=%2Fwp%2Fv2%2Fcomments&post=717"}],"version-history":[{"count":0,"href":"http:\/\/cnssbf.org\/index.php?rest_route=\/wp\/v2\/posts\/717\/revisions"}],"wp:featuredmedia":[{"embeddable":true,"href":"http:\/\/cnssbf.org\/index.php?rest_route=\/wp\/v2\/media\/877"}],"wp:attachment":[{"href":"http:\/\/cnssbf.org\/index.php?rest_route=%2Fwp%2Fv2%2Fmedia&parent=717"}],"wp:term":[{"taxonomy":"category","embeddable":true,"href":"http:\/\/cnssbf.org\/index.php?rest_route=%2Fwp%2Fv2%2Fcategories&post=717"},{"taxonomy":"post_tag","embeddable":true,"href":"http:\/\/cnssbf.org\/index.php?rest_route=%2Fwp%2Fv2%2Ftags&post=717"}],"curies":[{"name":"wp","href":"https:\/\/api.w.org\/{rel}","templated":true}]}}