{"id":8337,"date":"2024-01-15T14:38:04","date_gmt":"2024-01-15T14:38:04","guid":{"rendered":"https:\/\/cnssbf.org\/?p=8337"},"modified":"2024-01-15T14:42:21","modified_gmt":"2024-01-15T14:42:21","slug":"promotion-de-lassurance-volontaire-la-population-de-bagre-pole-sensibilisee","status":"publish","type":"post","link":"http:\/\/cnssbf.org\/?p=8337","title":{"rendered":"Promotion de l&#8217;assurance volontaire : La population de Bagr\u00e9 P\u00f4le sensibilis\u00e9e"},"content":{"rendered":"\t\t<div data-elementor-type=\"wp-post\" data-elementor-id=\"8337\" class=\"elementor elementor-8337\" data-elementor-post-type=\"post\">\n\t\t\t\t\t\t\t\t\t<section data-exad-particle-enable=\"false\" class=\"elementor-section elementor-top-section elementor-element elementor-element-377ac1a elementor-section-boxed elementor-section-height-default elementor-section-height-default exad-parallax-effect-no exad-background-color-change-no exad-glass-effect-no exad-sticky-section-no\" data-id=\"377ac1a\" data-element_type=\"section\">\n\t\t\t\t\t\t<div class=\"elementor-container elementor-column-gap-default\">\n\t\t\t\t\t<div class=\"aux-parallax-section elementor-column elementor-col-100 elementor-top-column elementor-element elementor-element-cd1846e exad-glass-effect-no exad-sticky-section-no\" data-id=\"cd1846e\" data-element_type=\"column\">\n\t\t\t<div class=\"elementor-widget-wrap elementor-element-populated\">\n\t\t\t\t\t\t\t\t<div class=\"elementor-element elementor-element-2061c0a exad-sticky-section-no exad-glass-effect-no elementor-widget elementor-widget-text-editor\" data-id=\"2061c0a\" data-element_type=\"widget\" data-widget_type=\"text-editor.default\">\n\t\t\t\t<div class=\"elementor-widget-container\">\n\t\t\t\t\t\t\t<p><strong>La CNSS a organis\u00e9 le 27 juin 2023 \u00e0 Bagr\u00e9 P\u00f4le une s\u00e9ance de sensibilisation sur l\u2019Assurance volontaire au profit des travailleurs ind\u00e9pendants de ladite ville.<\/strong><\/p>\t\t\t\t\t\t<\/div>\n\t\t\t\t<\/div>\n\t\t\t\t\t<\/div>\n\t\t<\/div>\n\t\t\t\t\t\t\t<\/div>\n\t\t<\/section>\n\t\t\t\t<section data-exad-particle-enable=\"false\" class=\"elementor-section elementor-top-section elementor-element elementor-element-a01509f elementor-section-boxed elementor-section-height-default elementor-section-height-default exad-parallax-effect-no exad-background-color-change-no exad-glass-effect-no exad-sticky-section-no\" data-id=\"a01509f\" data-element_type=\"section\">\n\t\t\t\t\t\t<div class=\"elementor-container elementor-column-gap-default\">\n\t\t\t\t\t<div class=\"aux-parallax-section elementor-column elementor-col-100 elementor-top-column elementor-element elementor-element-e49a410 exad-glass-effect-no exad-sticky-section-no\" data-id=\"e49a410\" data-element_type=\"column\">\n\t\t\t<div class=\"elementor-widget-wrap elementor-element-populated\">\n\t\t\t\t\t\t\t\t<div class=\"elementor-element elementor-element-03780db exad-sticky-section-no exad-glass-effect-no elementor-widget elementor-widget-text-editor\" data-id=\"03780db\" data-element_type=\"widget\" data-widget_type=\"text-editor.default\">\n\t\t\t\t<div class=\"elementor-widget-container\">\n\t\t\t\t\t\t\t<p>L\u2019Assurance volontaire est un produit institu\u00e9 par l\u2019Etat dans le but de permettre au plus grand nombre de travailleurs de b\u00e9n\u00e9ficier d\u2019une pension de retraite.<\/p><p>La pr\u00e9sente rencontre ouverte aux travailleurs ind\u00e9pendants, \u00e0 ceux de l\u2019\u00e9conomie informelle et en g\u00e9n\u00e9ral la population de Bagr\u00e9 P\u00f4le a \u00e9t\u00e9 l\u2019occasion propice pour \u00e9changer sur plusieurs points, \u00e0 savoir :<\/p><ul><li style=\"list-style-type: none;\"><ul><li>sensibiliser les producteurs de Bagr\u00e9 P\u00f4le sur l\u2019Assurance volontaire ;<\/li><li>recueillir et traiter leurs attentes et leurs pr\u00e9occupations ;<\/li><li>expliquer les d\u00e9marches et les modalit\u00e9s pratiques de la souscription \u00e0 l\u2019Assurance volontaire ;<\/li><li>faciliter la souscription des producteurs int\u00e9ress\u00e9s par le produit.<\/li><\/ul><\/li><\/ul><p>L\u2019extension de la couverture sociale pr\u00e9occupe la CNSS et elle multiplie les s\u00e9ances de sensibilisation dans ce sens. Car l\u2019objectif, \u00e0 moyen terme, est d\u2019enr\u00f4ler le maximum de burkinab\u00e8. <em>\u00ab Selon les donn\u00e9es statistiques, moins de 10% de la population burkinab\u00e8 b\u00e9n\u00e9ficie d\u2019une couverture sociale. Donc, il est de bon ton pour nous de venir \u00e9changer avec la population de Bagr\u00e9 afin de leur assurer une couverture sociale \u00bb, <\/em>dira le Directeur r\u00e9gional de Fada N\u2019Gourma, Salifou Lougu\u00e9.<\/p><p>Avec l\u2019Assurance volontaire, tout le monde peut b\u00e9n\u00e9ficier d\u2019une pension de retraite. Et cette s\u00e9ance est une aubaine toute faite. Pour le Chef du Service Assurance volontaire, Toussaint Bationo : <em>\u00ab On attend \u00e0 la fin de cette s\u00e9ance, qu\u2019il y ait plus d\u2019adh\u00e9rents afin que plus de personnes puissent b\u00e9n\u00e9ficier d\u2019une couverture sociale. J\u2019invite les travailleurs ind\u00e9pendants de la ville \u00e0 souscrire \u00e0 l\u2019Assurance volontaire \u00bb.<\/em><\/p><p>Ce produit sp\u00e9cialement con\u00e7u pour les travailleurs ind\u00e9pendants consiste \u00e0 fournir une couverture sociale en terme d\u2019assurance \u2018\u2019de leurs vieux jours\u2019\u2019. Il s\u2019agit de permettre \u00e0 tout burkinab\u00e8 qui travaille de pouvoir b\u00e9n\u00e9ficier d\u2019une pension de retraite \u00e0 la fin de son activit\u00e9 professionnelle. Tout comme certaines zones de production, Bagr\u00e9 regorge de travailleurs potentiels qui sont dans le champ d\u2019application de la loi portant Assurance volontaire.<\/p><p>Pour souscrire \u00e0 ce produit, Toussaint Bationo donne les pr\u00e9cisions suivantes : <em>\u00ab Pour \u00eatre assur\u00e9 volontaire, il faut avoir une activit\u00e9 professionnelle, avoir un revenu. D\u2019abord, la cotisation se fait selon les moyens. Seulement la loi a fix\u00e9 une limite et un plafond. Ensuite, il faut un minimum de 15 ans pour b\u00e9n\u00e9ficier de la pension de retraite. Car plus tu cotises sur un bon revenu, plus tu as une bonne pension. Et enfin, la pension est servie toute ta vie durant et m\u00eame au-del\u00e0 \u00e0 tes ayants droits. Tu ne travailles plus mais la CNSS te paie, 10, 20, 30 ans m\u00eame voir plus. C\u2019est \u00e7a l\u2019avantage \u00bb. <\/em><\/p><p>Dame Aminata Lour\u00e9, transformatrice affirmera au sortir de la rencontre ceci : <em>\u00ab j\u2019ai bien assimil\u00e9 les diff\u00e9rentes communications. Avant c\u2019\u00e9tait une affaire de fonctionnaires, mais actuellement tout le monde peut pr\u00e9tendre \u00e0 une pension \u00e0 travers une souscription du produit. J\u2019invite tous les travailleurs ind\u00e9pendants \u00e0 y souscrire car le produit est vraiment avantageux \u00bb.<\/em><\/p>\t\t\t\t\t\t<\/div>\n\t\t\t\t<\/div>\n\t\t\t\t\t<\/div>\n\t\t<\/div>\n\t\t\t\t\t\t\t<\/div>\n\t\t<\/section>\n\t\t\t\t\t\t\t<\/div>\n\t\t<div style=\"margin-top: 0px; margin-bottom: 0px;\" class=\"sharethis-inline-share-buttons\" ><\/div>","protected":false},"excerpt":{"rendered":"<p>La CNSS a organis\u00e9 le 27 juin 2023 \u00e0 Bagr\u00e9 P\u00f4le une s\u00e9ance de sensibilisation sur l\u2019Assurance volontaire au profit des travailleurs ind\u00e9pendants de ladite ville. L\u2019Assurance volontaire est un produit institu\u00e9 par l\u2019Etat dans le but de permettre au plus grand nombre de travailleurs de b\u00e9n\u00e9ficier d\u2019une pension de retraite. La pr\u00e9sente rencontre ouverte [&hellip;]<\/p>\n","protected":false},"author":2,"featured_media":8338,"comment_status":"closed","ping_status":"closed","sticky":false,"template":"","format":"standard","meta":{"pgc_meta":"","footnotes":""},"categories":[31],"tags":[],"yoast_head":"<!-- This site is optimized with the Yoast SEO plugin v21.9.1 - https:\/\/yoast.com\/wordpress\/plugins\/seo\/ -->\n<title>Promotion de l&#039;assurance volontaire : La population de Bagr\u00e9 P\u00f4le sensibilis\u00e9e - CNSS BF<\/title>\n<meta name=\"robots\" content=\"index, follow, max-snippet:-1, max-image-preview:large, max-video-preview:-1\" \/>\n<link rel=\"canonical\" href=\"https:\/\/cnssbf.org\/?p=8337\" \/>\n<meta property=\"og:locale\" content=\"fr_FR\" \/>\n<meta property=\"og:type\" content=\"article\" \/>\n<meta property=\"og:title\" content=\"Promotion de l&#039;assurance volontaire : La population de Bagr\u00e9 P\u00f4le sensibilis\u00e9e - CNSS BF\" \/>\n<meta property=\"og:description\" content=\"La CNSS a organis\u00e9 le 27 juin 2023 \u00e0 Bagr\u00e9 P\u00f4le une s\u00e9ance de sensibilisation sur l\u2019Assurance volontaire au profit des travailleurs ind\u00e9pendants de ladite ville. L\u2019Assurance volontaire est un produit institu\u00e9 par l\u2019Etat dans le but de permettre au plus grand nombre de travailleurs de b\u00e9n\u00e9ficier d\u2019une pension de retraite. La pr\u00e9sente rencontre ouverte [&hellip;]\" \/>\n<meta property=\"og:url\" content=\"https:\/\/cnssbf.org\/?p=8337\" \/>\n<meta property=\"og:site_name\" content=\"CNSS BF\" \/>\n<meta property=\"article:published_time\" content=\"2024-01-15T14:38:04+00:00\" \/>\n<meta property=\"article:modified_time\" content=\"2024-01-15T14:42:21+00:00\" \/>\n<meta property=\"og:image\" content=\"https:\/\/cnssbf.org\/wp-content\/uploads\/2024\/01\/Quelques-participants-a-la-rencontre-scaled.jpg\" \/>\n\t<meta property=\"og:image:width\" content=\"2560\" \/>\n\t<meta property=\"og:image:height\" content=\"1707\" \/>\n\t<meta property=\"og:image:type\" content=\"image\/jpeg\" \/>\n<meta name=\"author\" content=\"admin1\" \/>\n<meta name=\"twitter:card\" content=\"summary_large_image\" \/>\n<meta name=\"twitter:label1\" content=\"\u00c9crit par\" \/>\n\t<meta name=\"twitter:data1\" content=\"admin1\" \/>\n\t<meta name=\"twitter:label2\" content=\"Dur\u00e9e de lecture estim\u00e9e\" \/>\n\t<meta name=\"twitter:data2\" content=\"3 minutes\" \/>\n<script type=\"application\/ld+json\" class=\"yoast-schema-graph\">{\"@context\":\"https:\/\/schema.org\",\"@graph\":[{\"@type\":\"Article\",\"@id\":\"https:\/\/cnssbf.org\/?p=8337#article\",\"isPartOf\":{\"@id\":\"https:\/\/cnssbf.org\/?p=8337\"},\"author\":{\"name\":\"admin1\",\"@id\":\"https:\/\/cnssbf.org\/#\/schema\/person\/0c1eb8c14a12dcf29a79166c4029b20f\"},\"headline\":\"Promotion de l&#8217;assurance volontaire : La population de Bagr\u00e9 P\u00f4le sensibilis\u00e9e\",\"datePublished\":\"2024-01-15T14:38:04+00:00\",\"dateModified\":\"2024-01-15T14:42:21+00:00\",\"mainEntityOfPage\":{\"@id\":\"https:\/\/cnssbf.org\/?p=8337\"},\"wordCount\":552,\"publisher\":{\"@id\":\"https:\/\/cnssbf.org\/#organization\"},\"articleSection\":[\"Actualit\u00e9s\"],\"inLanguage\":\"fr-FR\"},{\"@type\":\"WebPage\",\"@id\":\"https:\/\/cnssbf.org\/?p=8337\",\"url\":\"https:\/\/cnssbf.org\/?p=8337\",\"name\":\"Promotion de l'assurance volontaire : La population de Bagr\u00e9 P\u00f4le sensibilis\u00e9e - CNSS BF\",\"isPartOf\":{\"@id\":\"https:\/\/cnssbf.org\/#website\"},\"datePublished\":\"2024-01-15T14:38:04+00:00\",\"dateModified\":\"2024-01-15T14:42:21+00:00\",\"breadcrumb\":{\"@id\":\"https:\/\/cnssbf.org\/?p=8337#breadcrumb\"},\"inLanguage\":\"fr-FR\",\"potentialAction\":[{\"@type\":\"ReadAction\",\"target\":[\"https:\/\/cnssbf.org\/?p=8337\"]}]},{\"@type\":\"BreadcrumbList\",\"@id\":\"https:\/\/cnssbf.org\/?p=8337#breadcrumb\",\"itemListElement\":[{\"@type\":\"ListItem\",\"position\":1,\"name\":\"Accueil\",\"item\":\"https:\/\/cnssbf.org\/\"},{\"@type\":\"ListItem\",\"position\":2,\"name\":\"Promotion de l&#8217;assurance volontaire : La population de Bagr\u00e9 P\u00f4le sensibilis\u00e9e\"}]},{\"@type\":\"WebSite\",\"@id\":\"https:\/\/cnssbf.org\/#website\",\"url\":\"https:\/\/cnssbf.org\/\",\"name\":\"CNSS BF\",\"description\":\"Les vertus de la solidarit\u00e9\",\"publisher\":{\"@id\":\"https:\/\/cnssbf.org\/#organization\"},\"potentialAction\":[{\"@type\":\"SearchAction\",\"target\":{\"@type\":\"EntryPoint\",\"urlTemplate\":\"https:\/\/cnssbf.org\/?s={search_term_string}\"},\"query-input\":\"required name=search_term_string\"}],\"inLanguage\":\"fr-FR\"},{\"@type\":\"Organization\",\"@id\":\"https:\/\/cnssbf.org\/#organization\",\"name\":\"CNSS BF\",\"url\":\"https:\/\/cnssbf.org\/\",\"logo\":{\"@type\":\"ImageObject\",\"inLanguage\":\"fr-FR\",\"@id\":\"https:\/\/cnssbf.org\/#\/schema\/logo\/image\/\",\"url\":\"http:\/\/cnssbf.org\/wp-content\/uploads\/2023\/12\/cropped-cropped-Logo-CNSS_new_SAP-1.png\",\"contentUrl\":\"http:\/\/cnssbf.org\/wp-content\/uploads\/2023\/12\/cropped-cropped-Logo-CNSS_new_SAP-1.png\",\"width\":461,\"height\":143,\"caption\":\"CNSS BF\"},\"image\":{\"@id\":\"https:\/\/cnssbf.org\/#\/schema\/logo\/image\/\"}},{\"@type\":\"Person\",\"@id\":\"https:\/\/cnssbf.org\/#\/schema\/person\/0c1eb8c14a12dcf29a79166c4029b20f\",\"name\":\"admin1\",\"image\":{\"@type\":\"ImageObject\",\"inLanguage\":\"fr-FR\",\"@id\":\"https:\/\/cnssbf.org\/#\/schema\/person\/image\/\",\"url\":\"http:\/\/cnssbf.org\/wp-content\/litespeed\/avatar\/a9a6d69d6fdaf26b134b611680cc4b0a.jpg?ver=1776917662\",\"contentUrl\":\"http:\/\/cnssbf.org\/wp-content\/litespeed\/avatar\/a9a6d69d6fdaf26b134b611680cc4b0a.jpg?ver=1776917662\",\"caption\":\"admin1\"},\"url\":\"http:\/\/cnssbf.org\/?author=2\"}]}<\/script>\n<!-- \/ Yoast SEO plugin. -->","yoast_head_json":{"title":"Promotion de l'assurance volontaire : La population de Bagr\u00e9 P\u00f4le sensibilis\u00e9e - CNSS BF","robots":{"index":"index","follow":"follow","max-snippet":"max-snippet:-1","max-image-preview":"max-image-preview:large","max-video-preview":"max-video-preview:-1"},"canonical":"https:\/\/cnssbf.org\/?p=8337","og_locale":"fr_FR","og_type":"article","og_title":"Promotion de l'assurance volontaire : La population de Bagr\u00e9 P\u00f4le sensibilis\u00e9e - CNSS BF","og_description":"La CNSS a organis\u00e9 le 27 juin 2023 \u00e0 Bagr\u00e9 P\u00f4le une s\u00e9ance de sensibilisation sur l\u2019Assurance volontaire au profit des travailleurs ind\u00e9pendants de ladite ville. L\u2019Assurance volontaire est un produit institu\u00e9 par l\u2019Etat dans le but de permettre au plus grand nombre de travailleurs de b\u00e9n\u00e9ficier d\u2019une pension de retraite. La pr\u00e9sente rencontre ouverte [&hellip;]","og_url":"https:\/\/cnssbf.org\/?p=8337","og_site_name":"CNSS BF","article_published_time":"2024-01-15T14:38:04+00:00","article_modified_time":"2024-01-15T14:42:21+00:00","og_image":[{"width":2560,"height":1707,"url":"https:\/\/cnssbf.org\/wp-content\/uploads\/2024\/01\/Quelques-participants-a-la-rencontre-scaled.jpg","type":"image\/jpeg"}],"author":"admin1","twitter_card":"summary_large_image","twitter_misc":{"\u00c9crit par":"admin1","Dur\u00e9e de lecture estim\u00e9e":"3 minutes"},"schema":{"@context":"https:\/\/schema.org","@graph":[{"@type":"Article","@id":"https:\/\/cnssbf.org\/?p=8337#article","isPartOf":{"@id":"https:\/\/cnssbf.org\/?p=8337"},"author":{"name":"admin1","@id":"https:\/\/cnssbf.org\/#\/schema\/person\/0c1eb8c14a12dcf29a79166c4029b20f"},"headline":"Promotion de l&#8217;assurance volontaire : La population de Bagr\u00e9 P\u00f4le sensibilis\u00e9e","datePublished":"2024-01-15T14:38:04+00:00","dateModified":"2024-01-15T14:42:21+00:00","mainEntityOfPage":{"@id":"https:\/\/cnssbf.org\/?p=8337"},"wordCount":552,"publisher":{"@id":"https:\/\/cnssbf.org\/#organization"},"articleSection":["Actualit\u00e9s"],"inLanguage":"fr-FR"},{"@type":"WebPage","@id":"https:\/\/cnssbf.org\/?p=8337","url":"https:\/\/cnssbf.org\/?p=8337","name":"Promotion de l'assurance volontaire : La population de Bagr\u00e9 P\u00f4le sensibilis\u00e9e - CNSS BF","isPartOf":{"@id":"https:\/\/cnssbf.org\/#website"},"datePublished":"2024-01-15T14:38:04+00:00","dateModified":"2024-01-15T14:42:21+00:00","breadcrumb":{"@id":"https:\/\/cnssbf.org\/?p=8337#breadcrumb"},"inLanguage":"fr-FR","potentialAction":[{"@type":"ReadAction","target":["https:\/\/cnssbf.org\/?p=8337"]}]},{"@type":"BreadcrumbList","@id":"https:\/\/cnssbf.org\/?p=8337#breadcrumb","itemListElement":[{"@type":"ListItem","position":1,"name":"Accueil","item":"https:\/\/cnssbf.org\/"},{"@type":"ListItem","position":2,"name":"Promotion de l&#8217;assurance volontaire : La population de Bagr\u00e9 P\u00f4le sensibilis\u00e9e"}]},{"@type":"WebSite","@id":"https:\/\/cnssbf.org\/#website","url":"https:\/\/cnssbf.org\/","name":"CNSS BF","description":"Les vertus de la solidarit\u00e9","publisher":{"@id":"https:\/\/cnssbf.org\/#organization"},"potentialAction":[{"@type":"SearchAction","target":{"@type":"EntryPoint","urlTemplate":"https:\/\/cnssbf.org\/?s={search_term_string}"},"query-input":"required name=search_term_string"}],"inLanguage":"fr-FR"},{"@type":"Organization","@id":"https:\/\/cnssbf.org\/#organization","name":"CNSS BF","url":"https:\/\/cnssbf.org\/","logo":{"@type":"ImageObject","inLanguage":"fr-FR","@id":"https:\/\/cnssbf.org\/#\/schema\/logo\/image\/","url":"http:\/\/cnssbf.org\/wp-content\/uploads\/2023\/12\/cropped-cropped-Logo-CNSS_new_SAP-1.png","contentUrl":"http:\/\/cnssbf.org\/wp-content\/uploads\/2023\/12\/cropped-cropped-Logo-CNSS_new_SAP-1.png","width":461,"height":143,"caption":"CNSS BF"},"image":{"@id":"https:\/\/cnssbf.org\/#\/schema\/logo\/image\/"}},{"@type":"Person","@id":"https:\/\/cnssbf.org\/#\/schema\/person\/0c1eb8c14a12dcf29a79166c4029b20f","name":"admin1","image":{"@type":"ImageObject","inLanguage":"fr-FR","@id":"https:\/\/cnssbf.org\/#\/schema\/person\/image\/","url":"http:\/\/cnssbf.org\/wp-content\/litespeed\/avatar\/a9a6d69d6fdaf26b134b611680cc4b0a.jpg?ver=1776917662","contentUrl":"http:\/\/cnssbf.org\/wp-content\/litespeed\/avatar\/a9a6d69d6fdaf26b134b611680cc4b0a.jpg?ver=1776917662","caption":"admin1"},"url":"http:\/\/cnssbf.org\/?author=2"}]}},"jetpack_featured_media_url":"http:\/\/cnssbf.org\/wp-content\/uploads\/2024\/01\/Quelques-participants-a-la-rencontre-scaled.jpg","_links":{"self":[{"href":"http:\/\/cnssbf.org\/index.php?rest_route=\/wp\/v2\/posts\/8337"}],"collection":[{"href":"http:\/\/cnssbf.org\/index.php?rest_route=\/wp\/v2\/posts"}],"about":[{"href":"http:\/\/cnssbf.org\/index.php?rest_route=\/wp\/v2\/types\/post"}],"author":[{"embeddable":true,"href":"http:\/\/cnssbf.org\/index.php?rest_route=\/wp\/v2\/users\/2"}],"replies":[{"embeddable":true,"href":"http:\/\/cnssbf.org\/index.php?rest_route=%2Fwp%2Fv2%2Fcomments&post=8337"}],"version-history":[{"count":0,"href":"http:\/\/cnssbf.org\/index.php?rest_route=\/wp\/v2\/posts\/8337\/revisions"}],"wp:featuredmedia":[{"embeddable":true,"href":"http:\/\/cnssbf.org\/index.php?rest_route=\/wp\/v2\/media\/8338"}],"wp:attachment":[{"href":"http:\/\/cnssbf.org\/index.php?rest_route=%2Fwp%2Fv2%2Fmedia&parent=8337"}],"wp:term":[{"taxonomy":"category","embeddable":true,"href":"http:\/\/cnssbf.org\/index.php?rest_route=%2Fwp%2Fv2%2Fcategories&post=8337"},{"taxonomy":"post_tag","embeddable":true,"href":"http:\/\/cnssbf.org\/index.php?rest_route=%2Fwp%2Fv2%2Ftags&post=8337"}],"curies":[{"name":"wp","href":"https:\/\/api.w.org\/{rel}","templated":true}]}}