{"id":9899,"date":"2024-05-17T22:05:54","date_gmt":"2024-05-17T22:05:54","guid":{"rendered":"https:\/\/cnssbf.org\/?p=9899"},"modified":"2024-05-17T22:12:25","modified_gmt":"2024-05-17T22:12:25","slug":"securite-sociale-les-travailleurs-et-employeurs-outilles-sur-leurs-droits-et-devoirs-a-koupela-2","status":"publish","type":"post","link":"https:\/\/cnssbf.org\/?p=9899","title":{"rendered":"S\u00e9curit\u00e9 sociale : Les travailleurs et employeurs outill\u00e9s sur leurs droits et devoirs \u00e0 Koup\u00e9la"},"content":{"rendered":"\t\t<div data-elementor-type=\"wp-post\" data-elementor-id=\"9899\" class=\"elementor elementor-9899\" data-elementor-post-type=\"post\">\n\t\t\t\t\t\t\t\t\t<section data-exad-particle-enable=\"false\" class=\"elementor-section elementor-top-section elementor-element elementor-element-e120b90 elementor-section-boxed elementor-section-height-default elementor-section-height-default exad-parallax-effect-no exad-background-color-change-no exad-glass-effect-no exad-sticky-section-no\" data-id=\"e120b90\" data-element_type=\"section\">\n\t\t\t\t\t\t<div class=\"elementor-container elementor-column-gap-default\">\n\t\t\t\t\t<div class=\"aux-parallax-section elementor-column elementor-col-100 elementor-top-column elementor-element elementor-element-94789ab exad-glass-effect-no exad-sticky-section-no\" data-id=\"94789ab\" data-element_type=\"column\">\n\t\t\t<div class=\"elementor-widget-wrap elementor-element-populated\">\n\t\t\t\t\t\t\t\t<div class=\"elementor-element elementor-element-52ed469 exad-sticky-section-no exad-glass-effect-no elementor-widget elementor-widget-text-editor\" data-id=\"52ed469\" data-element_type=\"widget\" data-widget_type=\"text-editor.default\">\n\t\t\t\t<div class=\"elementor-widget-container\">\n\t\t\t\t\t\t\t<p><strong>Le jeudi 30 novembre 2023, le Haut-Commissaire de la Province de Kouritenga, Aissata Ang\u00e9lina Traor\u00e9, a ouvert le s\u00e9minaire de sensibilisation sur les droits et devoirs des travailleurs et des employeurs de la Direction R\u00e9gionale de Fada. C\u2019\u00e9tait dans la salle de Conf\u00e9rence de la Chambre de Commerce de Koup\u00e9la.<\/strong><\/p>\t\t\t\t\t\t<\/div>\n\t\t\t\t<\/div>\n\t\t\t\t\t<\/div>\n\t\t<\/div>\n\t\t\t\t\t\t\t<\/div>\n\t\t<\/section>\n\t\t\t\t<section data-exad-particle-enable=\"false\" class=\"elementor-section elementor-top-section elementor-element elementor-element-8f50ed3 elementor-section-boxed elementor-section-height-default elementor-section-height-default exad-parallax-effect-no exad-background-color-change-no exad-glass-effect-no exad-sticky-section-no\" data-id=\"8f50ed3\" data-element_type=\"section\">\n\t\t\t\t\t\t<div class=\"elementor-container elementor-column-gap-default\">\n\t\t\t\t\t<div class=\"aux-parallax-section elementor-column elementor-col-100 elementor-top-column elementor-element elementor-element-0d69c63 exad-glass-effect-no exad-sticky-section-no\" data-id=\"0d69c63\" data-element_type=\"column\">\n\t\t\t<div class=\"elementor-widget-wrap elementor-element-populated\">\n\t\t\t\t\t\t\t\t<div class=\"elementor-element elementor-element-456e25b exad-sticky-section-no exad-glass-effect-no elementor-widget elementor-widget-text-editor\" data-id=\"456e25b\" data-element_type=\"widget\" data-widget_type=\"text-editor.default\">\n\t\t\t\t<div class=\"elementor-widget-container\">\n\t\t\t\t\t\t\t<p>A l\u2019entame du s\u00e9minaire, le Directeur r\u00e9gional de Fada (DRF), Salifou Lougu\u00e9 a souhait\u00e9 la bienvenue \u00e0 tous. Il a, par la suite, rappeler que c\u2019est un devoir pour la CNSS d\u2019informer et de sensibiliser ses partenaires sur leurs droits et devoirs. A la suite de ses propos, le Haut-Commissaire a remerci\u00e9 la CNSS pour le choix port\u00e9 sur sa r\u00e9gion avant de d\u00e9clarer ouvert le s\u00e9minaire.<\/p><p>Les communications \u00e9taient relatives aux g\u00e9n\u00e9ralit\u00e9s sur la CNSS, aux prestations sociales servies telle la branche des risques professionnels, l\u2019assurance vieillesse, l\u2019assurance volontaire et enfin au recouvrement des cotisations sociales.<\/p><p>Elles ont \u00e9t\u00e9 assur\u00e9es respectivement par le DRF, Salifou Lougu\u00e9, le Chef d\u2019agence de Tenkodogo, Jean-Baptiste Ou\u00e9draogo, le Chef du service prestations de Fada, Hamiyabidi Tankoano et le Chef du service recouvrement, Mahamadou Sint\u00e9.<\/p><p>A l\u2019issue des communications, la mod\u00e9ration a \u00e9t\u00e9 assur\u00e9e par le Chef du service central du contentieux du recouvrement, Mohamed Ouattara, repr\u00e9sentant la direction g\u00e9n\u00e9rale pour la phase des questions.<\/p><p>Sur une centaine de participants, une vingtaine de pr\u00e9occupations ont \u00e9t\u00e9 recens\u00e9es et ont trouv\u00e9 des r\u00e9ponses satisfaisantes. C\u2019est toute satisfaite que Sylvie Sar\u00e9 du Complexe scolaire Marie Ang\u00e8le dira ceci : <em>\u00ab j\u2019ai beaucoup appris de ce s\u00e9minaire. Je suis contente et je ferai un retour au niveau de ma structure. Je demande surtout \u00e0 la CNSS de multiplier ce type de sensibilisation pour ceux qui n\u2019ont pas eu la chance d\u2019en b\u00e9n\u00e9ficier \u00bb.<\/em><\/p><p>Les participants sont repartis munis d\u2019attestation de participation et de gadgets.<\/p>\t\t\t\t\t\t<\/div>\n\t\t\t\t<\/div>\n\t\t\t\t\t<\/div>\n\t\t<\/div>\n\t\t\t\t\t\t\t<\/div>\n\t\t<\/section>\n\t\t\t\t<section data-exad-particle-enable=\"false\" class=\"elementor-section elementor-top-section elementor-element elementor-element-51e3ebc elementor-section-boxed elementor-section-height-default elementor-section-height-default exad-parallax-effect-no exad-background-color-change-no exad-glass-effect-no exad-sticky-section-no\" data-id=\"51e3ebc\" data-element_type=\"section\">\n\t\t\t\t\t\t<div class=\"elementor-container elementor-column-gap-default\">\n\t\t\t\t\t<div class=\"aux-parallax-section elementor-column elementor-col-33 elementor-top-column elementor-element elementor-element-80bd3f0 exad-glass-effect-no exad-sticky-section-no\" data-id=\"80bd3f0\" data-element_type=\"column\">\n\t\t\t<div class=\"elementor-widget-wrap elementor-element-populated\">\n\t\t\t\t\t\t\t\t<div class=\"elementor-element elementor-element-2828265 exad-sticky-section-no exad-glass-effect-no elementor-widget elementor-widget-image\" data-id=\"2828265\" data-element_type=\"widget\" data-widget_type=\"image.default\">\n\t\t\t\t<div class=\"elementor-widget-container\">\n\t\t\t\t\t\t\t\t\t\t\t\t\t\t\t<img fetchpriority=\"high\" decoding=\"async\" width=\"661\" height=\"426\" src=\"https:\/\/cnssbf.org\/wp-content\/uploads\/2024\/05\/Une-vue-du-presidium.jpg\" class=\"attachment-large size-large wp-image-9905\" alt=\"\" srcset=\"https:\/\/cnssbf.org\/wp-content\/uploads\/2024\/05\/Une-vue-du-presidium.jpg 661w, https:\/\/cnssbf.org\/wp-content\/uploads\/2024\/05\/Une-vue-du-presidium-280x180.jpg 280w, https:\/\/cnssbf.org\/wp-content\/uploads\/2024\/05\/Une-vue-du-presidium-600x387.jpg 600w\" sizes=\"(max-width: 661px) 100vw, 661px\" \/>\t\t\t\t\t\t\t\t\t\t\t\t\t\t\t<\/div>\n\t\t\t\t<\/div>\n\t\t\t\t\t<\/div>\n\t\t<\/div>\n\t\t\t\t<div class=\"aux-parallax-section elementor-column elementor-col-33 elementor-top-column elementor-element elementor-element-fa15a03 exad-glass-effect-no exad-sticky-section-no\" data-id=\"fa15a03\" data-element_type=\"column\">\n\t\t\t<div class=\"elementor-widget-wrap elementor-element-populated\">\n\t\t\t\t\t\t\t\t<div class=\"elementor-element elementor-element-476bc7e exad-sticky-section-no exad-glass-effect-no elementor-widget elementor-widget-image\" data-id=\"476bc7e\" data-element_type=\"widget\" data-widget_type=\"image.default\">\n\t\t\t\t<div class=\"elementor-widget-container\">\n\t\t\t\t\t\t\t\t\t\t\t\t\t\t\t<img decoding=\"async\" width=\"455\" height=\"283\" src=\"https:\/\/cnssbf.org\/wp-content\/uploads\/2024\/05\/Une-vue-des-participants.jpg\" class=\"attachment-large size-large wp-image-9906\" alt=\"\" \/>\t\t\t\t\t\t\t\t\t\t\t\t\t\t\t<\/div>\n\t\t\t\t<\/div>\n\t\t\t\t\t<\/div>\n\t\t<\/div>\n\t\t\t\t<div class=\"aux-parallax-section elementor-column elementor-col-33 elementor-top-column elementor-element elementor-element-61e498a exad-glass-effect-no exad-sticky-section-no\" data-id=\"61e498a\" data-element_type=\"column\">\n\t\t\t<div class=\"elementor-widget-wrap elementor-element-populated\">\n\t\t\t\t\t\t\t\t<div class=\"elementor-element elementor-element-2ffe81b exad-sticky-section-no exad-glass-effect-no elementor-widget elementor-widget-image\" data-id=\"2ffe81b\" data-element_type=\"widget\" data-widget_type=\"image.default\">\n\t\t\t\t<div class=\"elementor-widget-container\">\n\t\t\t\t\t\t\t\t\t\t\t\t\t\t\t<img decoding=\"async\" width=\"455\" height=\"341\" src=\"https:\/\/cnssbf.org\/wp-content\/uploads\/2024\/05\/Sylvie-Sare.jpg\" class=\"attachment-large size-large wp-image-9907\" alt=\"\" \/>\t\t\t\t\t\t\t\t\t\t\t\t\t\t\t<\/div>\n\t\t\t\t<\/div>\n\t\t\t\t\t<\/div>\n\t\t<\/div>\n\t\t\t\t\t\t\t<\/div>\n\t\t<\/section>\n\t\t\t\t\t\t\t<\/div>\n\t\t<div style=\"margin-top: 0px; margin-bottom: 0px;\" class=\"sharethis-inline-share-buttons\" ><\/div>","protected":false},"excerpt":{"rendered":"<p>Le jeudi 30 novembre 2023, le Haut-Commissaire de la Province de Kouritenga, Aissata Ang\u00e9lina Traor\u00e9, a ouvert le s\u00e9minaire de sensibilisation sur les droits et devoirs des travailleurs et des employeurs de la Direction R\u00e9gionale de Fada. C\u2019\u00e9tait dans la salle de Conf\u00e9rence de la Chambre de Commerce de Koup\u00e9la. A l\u2019entame du s\u00e9minaire, le [&hellip;]<\/p>\n","protected":false},"author":2,"featured_media":9900,"comment_status":"closed","ping_status":"closed","sticky":false,"template":"","format":"standard","meta":{"pgc_meta":"","footnotes":""},"categories":[31],"tags":[],"yoast_head":"<!-- This site is optimized with the Yoast SEO plugin v21.9.1 - https:\/\/yoast.com\/wordpress\/plugins\/seo\/ -->\n<title>S\u00e9curit\u00e9 sociale : Les travailleurs et employeurs outill\u00e9s sur leurs droits et devoirs \u00e0 Koup\u00e9la - CNSS BF<\/title>\n<meta name=\"robots\" content=\"index, follow, max-snippet:-1, max-image-preview:large, max-video-preview:-1\" \/>\n<link rel=\"canonical\" href=\"http:\/\/cnssbf.org\/?p=9899\" \/>\n<meta property=\"og:locale\" content=\"fr_FR\" \/>\n<meta property=\"og:type\" content=\"article\" \/>\n<meta property=\"og:title\" content=\"S\u00e9curit\u00e9 sociale : Les travailleurs et employeurs outill\u00e9s sur leurs droits et devoirs \u00e0 Koup\u00e9la - CNSS BF\" \/>\n<meta property=\"og:description\" content=\"Le jeudi 30 novembre 2023, le Haut-Commissaire de la Province de Kouritenga, Aissata Ang\u00e9lina Traor\u00e9, a ouvert le s\u00e9minaire de sensibilisation sur les droits et devoirs des travailleurs et des employeurs de la Direction R\u00e9gionale de Fada. C\u2019\u00e9tait dans la salle de Conf\u00e9rence de la Chambre de Commerce de Koup\u00e9la. A l\u2019entame du s\u00e9minaire, le [&hellip;]\" \/>\n<meta property=\"og:url\" content=\"http:\/\/cnssbf.org\/?p=9899\" \/>\n<meta property=\"og:site_name\" content=\"CNSS BF\" \/>\n<meta property=\"article:published_time\" content=\"2024-05-17T22:05:54+00:00\" \/>\n<meta property=\"article:modified_time\" content=\"2024-05-17T22:12:25+00:00\" \/>\n<meta property=\"og:image\" content=\"http:\/\/cnssbf.org\/wp-content\/uploads\/2024\/05\/Image1-4.jpg\" \/>\n\t<meta property=\"og:image:width\" content=\"778\" \/>\n\t<meta property=\"og:image:height\" content=\"508\" \/>\n\t<meta property=\"og:image:type\" content=\"image\/jpeg\" \/>\n<meta name=\"author\" content=\"admin1\" \/>\n<meta name=\"twitter:card\" content=\"summary_large_image\" \/>\n<meta name=\"twitter:label1\" content=\"\u00c9crit par\" \/>\n\t<meta name=\"twitter:data1\" content=\"admin1\" \/>\n\t<meta name=\"twitter:label2\" content=\"Dur\u00e9e de lecture estim\u00e9e\" \/>\n\t<meta name=\"twitter:data2\" content=\"3 minutes\" \/>\n<script type=\"application\/ld+json\" class=\"yoast-schema-graph\">{\"@context\":\"https:\/\/schema.org\",\"@graph\":[{\"@type\":\"Article\",\"@id\":\"http:\/\/cnssbf.org\/?p=9899#article\",\"isPartOf\":{\"@id\":\"http:\/\/cnssbf.org\/?p=9899\"},\"author\":{\"name\":\"admin1\",\"@id\":\"https:\/\/cnssbf.org\/#\/schema\/person\/0c1eb8c14a12dcf29a79166c4029b20f\"},\"headline\":\"S\u00e9curit\u00e9 sociale : Les travailleurs et employeurs outill\u00e9s sur leurs droits et devoirs \u00e0 Koup\u00e9la\",\"datePublished\":\"2024-05-17T22:05:54+00:00\",\"dateModified\":\"2024-05-17T22:12:25+00:00\",\"mainEntityOfPage\":{\"@id\":\"http:\/\/cnssbf.org\/?p=9899\"},\"wordCount\":346,\"publisher\":{\"@id\":\"https:\/\/cnssbf.org\/#organization\"},\"articleSection\":[\"Actualit\u00e9s\"],\"inLanguage\":\"fr-FR\"},{\"@type\":\"WebPage\",\"@id\":\"http:\/\/cnssbf.org\/?p=9899\",\"url\":\"http:\/\/cnssbf.org\/?p=9899\",\"name\":\"S\u00e9curit\u00e9 sociale : Les travailleurs et employeurs outill\u00e9s sur leurs droits et devoirs \u00e0 Koup\u00e9la - CNSS BF\",\"isPartOf\":{\"@id\":\"https:\/\/cnssbf.org\/#website\"},\"datePublished\":\"2024-05-17T22:05:54+00:00\",\"dateModified\":\"2024-05-17T22:12:25+00:00\",\"breadcrumb\":{\"@id\":\"http:\/\/cnssbf.org\/?p=9899#breadcrumb\"},\"inLanguage\":\"fr-FR\",\"potentialAction\":[{\"@type\":\"ReadAction\",\"target\":[\"http:\/\/cnssbf.org\/?p=9899\"]}]},{\"@type\":\"BreadcrumbList\",\"@id\":\"http:\/\/cnssbf.org\/?p=9899#breadcrumb\",\"itemListElement\":[{\"@type\":\"ListItem\",\"position\":1,\"name\":\"Accueil\",\"item\":\"https:\/\/cnssbf.org\/\"},{\"@type\":\"ListItem\",\"position\":2,\"name\":\"S\u00e9curit\u00e9 sociale : Les travailleurs et employeurs outill\u00e9s sur leurs droits et devoirs \u00e0 Koup\u00e9la\"}]},{\"@type\":\"WebSite\",\"@id\":\"https:\/\/cnssbf.org\/#website\",\"url\":\"https:\/\/cnssbf.org\/\",\"name\":\"CNSS BF\",\"description\":\"Les vertus de la solidarit\u00e9\",\"publisher\":{\"@id\":\"https:\/\/cnssbf.org\/#organization\"},\"potentialAction\":[{\"@type\":\"SearchAction\",\"target\":{\"@type\":\"EntryPoint\",\"urlTemplate\":\"https:\/\/cnssbf.org\/?s={search_term_string}\"},\"query-input\":\"required name=search_term_string\"}],\"inLanguage\":\"fr-FR\"},{\"@type\":\"Organization\",\"@id\":\"https:\/\/cnssbf.org\/#organization\",\"name\":\"CNSS BF\",\"url\":\"https:\/\/cnssbf.org\/\",\"logo\":{\"@type\":\"ImageObject\",\"inLanguage\":\"fr-FR\",\"@id\":\"https:\/\/cnssbf.org\/#\/schema\/logo\/image\/\",\"url\":\"https:\/\/cnssbf.org\/wp-content\/uploads\/2023\/12\/cropped-cropped-Logo-CNSS_new_SAP-1.png\",\"contentUrl\":\"https:\/\/cnssbf.org\/wp-content\/uploads\/2023\/12\/cropped-cropped-Logo-CNSS_new_SAP-1.png\",\"width\":461,\"height\":143,\"caption\":\"CNSS BF\"},\"image\":{\"@id\":\"https:\/\/cnssbf.org\/#\/schema\/logo\/image\/\"}},{\"@type\":\"Person\",\"@id\":\"https:\/\/cnssbf.org\/#\/schema\/person\/0c1eb8c14a12dcf29a79166c4029b20f\",\"name\":\"admin1\",\"image\":{\"@type\":\"ImageObject\",\"inLanguage\":\"fr-FR\",\"@id\":\"https:\/\/cnssbf.org\/#\/schema\/person\/image\/\",\"url\":\"https:\/\/cnssbf.org\/wp-content\/litespeed\/avatar\/9b34f7eb64582776eb942c8035609b43.jpg?ver=1777521158\",\"contentUrl\":\"https:\/\/cnssbf.org\/wp-content\/litespeed\/avatar\/9b34f7eb64582776eb942c8035609b43.jpg?ver=1777521158\",\"caption\":\"admin1\"},\"url\":\"https:\/\/cnssbf.org\/?author=2\"}]}<\/script>\n<!-- \/ Yoast SEO plugin. -->","yoast_head_json":{"title":"S\u00e9curit\u00e9 sociale : Les travailleurs et employeurs outill\u00e9s sur leurs droits et devoirs \u00e0 Koup\u00e9la - CNSS BF","robots":{"index":"index","follow":"follow","max-snippet":"max-snippet:-1","max-image-preview":"max-image-preview:large","max-video-preview":"max-video-preview:-1"},"canonical":"http:\/\/cnssbf.org\/?p=9899","og_locale":"fr_FR","og_type":"article","og_title":"S\u00e9curit\u00e9 sociale : Les travailleurs et employeurs outill\u00e9s sur leurs droits et devoirs \u00e0 Koup\u00e9la - CNSS BF","og_description":"Le jeudi 30 novembre 2023, le Haut-Commissaire de la Province de Kouritenga, Aissata Ang\u00e9lina Traor\u00e9, a ouvert le s\u00e9minaire de sensibilisation sur les droits et devoirs des travailleurs et des employeurs de la Direction R\u00e9gionale de Fada. C\u2019\u00e9tait dans la salle de Conf\u00e9rence de la Chambre de Commerce de Koup\u00e9la. A l\u2019entame du s\u00e9minaire, le [&hellip;]","og_url":"http:\/\/cnssbf.org\/?p=9899","og_site_name":"CNSS BF","article_published_time":"2024-05-17T22:05:54+00:00","article_modified_time":"2024-05-17T22:12:25+00:00","og_image":[{"width":778,"height":508,"url":"http:\/\/cnssbf.org\/wp-content\/uploads\/2024\/05\/Image1-4.jpg","type":"image\/jpeg"}],"author":"admin1","twitter_card":"summary_large_image","twitter_misc":{"\u00c9crit par":"admin1","Dur\u00e9e de lecture estim\u00e9e":"3 minutes"},"schema":{"@context":"https:\/\/schema.org","@graph":[{"@type":"Article","@id":"http:\/\/cnssbf.org\/?p=9899#article","isPartOf":{"@id":"http:\/\/cnssbf.org\/?p=9899"},"author":{"name":"admin1","@id":"https:\/\/cnssbf.org\/#\/schema\/person\/0c1eb8c14a12dcf29a79166c4029b20f"},"headline":"S\u00e9curit\u00e9 sociale : Les travailleurs et employeurs outill\u00e9s sur leurs droits et devoirs \u00e0 Koup\u00e9la","datePublished":"2024-05-17T22:05:54+00:00","dateModified":"2024-05-17T22:12:25+00:00","mainEntityOfPage":{"@id":"http:\/\/cnssbf.org\/?p=9899"},"wordCount":346,"publisher":{"@id":"https:\/\/cnssbf.org\/#organization"},"articleSection":["Actualit\u00e9s"],"inLanguage":"fr-FR"},{"@type":"WebPage","@id":"http:\/\/cnssbf.org\/?p=9899","url":"http:\/\/cnssbf.org\/?p=9899","name":"S\u00e9curit\u00e9 sociale : Les travailleurs et employeurs outill\u00e9s sur leurs droits et devoirs \u00e0 Koup\u00e9la - CNSS BF","isPartOf":{"@id":"https:\/\/cnssbf.org\/#website"},"datePublished":"2024-05-17T22:05:54+00:00","dateModified":"2024-05-17T22:12:25+00:00","breadcrumb":{"@id":"http:\/\/cnssbf.org\/?p=9899#breadcrumb"},"inLanguage":"fr-FR","potentialAction":[{"@type":"ReadAction","target":["http:\/\/cnssbf.org\/?p=9899"]}]},{"@type":"BreadcrumbList","@id":"http:\/\/cnssbf.org\/?p=9899#breadcrumb","itemListElement":[{"@type":"ListItem","position":1,"name":"Accueil","item":"https:\/\/cnssbf.org\/"},{"@type":"ListItem","position":2,"name":"S\u00e9curit\u00e9 sociale : Les travailleurs et employeurs outill\u00e9s sur leurs droits et devoirs \u00e0 Koup\u00e9la"}]},{"@type":"WebSite","@id":"https:\/\/cnssbf.org\/#website","url":"https:\/\/cnssbf.org\/","name":"CNSS BF","description":"Les vertus de la solidarit\u00e9","publisher":{"@id":"https:\/\/cnssbf.org\/#organization"},"potentialAction":[{"@type":"SearchAction","target":{"@type":"EntryPoint","urlTemplate":"https:\/\/cnssbf.org\/?s={search_term_string}"},"query-input":"required name=search_term_string"}],"inLanguage":"fr-FR"},{"@type":"Organization","@id":"https:\/\/cnssbf.org\/#organization","name":"CNSS BF","url":"https:\/\/cnssbf.org\/","logo":{"@type":"ImageObject","inLanguage":"fr-FR","@id":"https:\/\/cnssbf.org\/#\/schema\/logo\/image\/","url":"https:\/\/cnssbf.org\/wp-content\/uploads\/2023\/12\/cropped-cropped-Logo-CNSS_new_SAP-1.png","contentUrl":"https:\/\/cnssbf.org\/wp-content\/uploads\/2023\/12\/cropped-cropped-Logo-CNSS_new_SAP-1.png","width":461,"height":143,"caption":"CNSS BF"},"image":{"@id":"https:\/\/cnssbf.org\/#\/schema\/logo\/image\/"}},{"@type":"Person","@id":"https:\/\/cnssbf.org\/#\/schema\/person\/0c1eb8c14a12dcf29a79166c4029b20f","name":"admin1","image":{"@type":"ImageObject","inLanguage":"fr-FR","@id":"https:\/\/cnssbf.org\/#\/schema\/person\/image\/","url":"https:\/\/cnssbf.org\/wp-content\/litespeed\/avatar\/9b34f7eb64582776eb942c8035609b43.jpg?ver=1777521158","contentUrl":"https:\/\/cnssbf.org\/wp-content\/litespeed\/avatar\/9b34f7eb64582776eb942c8035609b43.jpg?ver=1777521158","caption":"admin1"},"url":"https:\/\/cnssbf.org\/?author=2"}]}},"jetpack_featured_media_url":"https:\/\/cnssbf.org\/wp-content\/uploads\/2024\/05\/Image1-4.jpg","_links":{"self":[{"href":"https:\/\/cnssbf.org\/index.php?rest_route=\/wp\/v2\/posts\/9899"}],"collection":[{"href":"https:\/\/cnssbf.org\/index.php?rest_route=\/wp\/v2\/posts"}],"about":[{"href":"https:\/\/cnssbf.org\/index.php?rest_route=\/wp\/v2\/types\/post"}],"author":[{"embeddable":true,"href":"https:\/\/cnssbf.org\/index.php?rest_route=\/wp\/v2\/users\/2"}],"replies":[{"embeddable":true,"href":"https:\/\/cnssbf.org\/index.php?rest_route=%2Fwp%2Fv2%2Fcomments&post=9899"}],"version-history":[{"count":0,"href":"https:\/\/cnssbf.org\/index.php?rest_route=\/wp\/v2\/posts\/9899\/revisions"}],"wp:featuredmedia":[{"embeddable":true,"href":"https:\/\/cnssbf.org\/index.php?rest_route=\/wp\/v2\/media\/9900"}],"wp:attachment":[{"href":"https:\/\/cnssbf.org\/index.php?rest_route=%2Fwp%2Fv2%2Fmedia&parent=9899"}],"wp:term":[{"taxonomy":"category","embeddable":true,"href":"https:\/\/cnssbf.org\/index.php?rest_route=%2Fwp%2Fv2%2Fcategories&post=9899"},{"taxonomy":"post_tag","embeddable":true,"href":"https:\/\/cnssbf.org\/index.php?rest_route=%2Fwp%2Fv2%2Ftags&post=9899"}],"curies":[{"name":"wp","href":"https:\/\/api.w.org\/{rel}","templated":true}]}}